{"id":314,"date":"2020-02-24T16:51:15","date_gmt":"2020-02-24T15:51:15","guid":{"rendered":"http:\/\/athle92.fr\/?p=314"},"modified":"2020-02-24T16:51:16","modified_gmt":"2020-02-24T15:51:16","slug":"championnats-de-france-cadet-junior-le-22-23-02-2020-a-miramas","status":"publish","type":"post","link":"http:\/\/athle92.fr\/?p=314","title":{"rendered":"Championnats de France Cadet\/Junior le 22-23\/02\/2020 \u00e0 Miramas"},"content":{"rendered":"\n<p>Alors que les masters \u00e9taient \u00e0 Nantes, les cadets\/juniors se d\u00e9pla\u00e7aient \u00e0 Miramas pour leurs championnats de France<\/p>\n\n\n\n<p>Il y a eu du bon comme la 10\u00e8me place de Michaella au triple saut avec un record personnel \u00e0 la clef (11m92), et du moins bon (\u00e9limination d\u00e8s les s\u00e9ries du 60m haies de Charlotte apr\u00e8s une grosse faute sur la premi\u00e8re haie), mais le week end s&rsquo;est fini d&rsquo;une belle mani\u00e8re avec la 3\u00e8me place du relais cadette sur le 4x200m en 1&rsquo;46&Prime;86)<\/p>\n\n\n\n<p>tous les r\u00e9sultats <strong><a href=\"https:\/\/bases.athle.fr\/asp.net\/liste.aspx?frmbase=resultats&amp;frmmode=1&amp;frmespace=0&amp;frmcompetition=238482\">ICI<\/a><\/strong><\/p>\n\n\n\n<p>Bravo \u00e0 toutes et \u00e0 tous pour ces championnats<\/p>\n\n\n<p><!--EndFragment--><br>\n<br>\n<\/p>","protected":false},"excerpt":{"rendered":"<p>Alors que les masters \u00e9taient \u00e0 Nantes, les cadets\/juniors se d\u00e9pla\u00e7aient \u00e0 Miramas pour leurs [&hellip;]<\/p>\n","protected":false},"author":2,"featured_media":315,"comment_status":"open","ping_status":"open","sticky":false,"template":"","format":"standard","meta":{"spay_email":"","footnotes":""},"categories":[4],"tags":[],"class_list":["post-314","post","type-post","status-publish","format-standard","has-post-thumbnail","hentry","category-actualite"],"jetpack_featured_media_url":"http:\/\/athle92.fr\/wp-content\/uploads\/2020\/02\/podium-cadette.jpg","_links":{"self":[{"href":"http:\/\/athle92.fr\/index.php?rest_route=\/wp\/v2\/posts\/314","targetHints":{"allow":["GET"]}}],"collection":[{"href":"http:\/\/athle92.fr\/index.php?rest_route=\/wp\/v2\/posts"}],"about":[{"href":"http:\/\/athle92.fr\/index.php?rest_route=\/wp\/v2\/types\/post"}],"author":[{"embeddable":true,"href":"http:\/\/athle92.fr\/index.php?rest_route=\/wp\/v2\/users\/2"}],"replies":[{"embeddable":true,"href":"http:\/\/athle92.fr\/index.php?rest_route=%2Fwp%2Fv2%2Fcomments&post=314"}],"version-history":[{"count":1,"href":"http:\/\/athle92.fr\/index.php?rest_route=\/wp\/v2\/posts\/314\/revisions"}],"predecessor-version":[{"id":316,"href":"http:\/\/athle92.fr\/index.php?rest_route=\/wp\/v2\/posts\/314\/revisions\/316"}],"wp:featuredmedia":[{"embeddable":true,"href":"http:\/\/athle92.fr\/index.php?rest_route=\/wp\/v2\/media\/315"}],"wp:attachment":[{"href":"http:\/\/athle92.fr\/index.php?rest_route=%2Fwp%2Fv2%2Fmedia&parent=314"}],"wp:term":[{"taxonomy":"category","embeddable":true,"href":"http:\/\/athle92.fr\/index.php?rest_route=%2Fwp%2Fv2%2Fcategories&post=314"},{"taxonomy":"post_tag","embeddable":true,"href":"http:\/\/athle92.fr\/index.php?rest_route=%2Fwp%2Fv2%2Ftags&post=314"}],"curies":[{"name":"wp","href":"https:\/\/api.w.org\/{rel}","templated":true}]}}